{"id":619,"date":"2026-04-27T11:23:46","date_gmt":"2026-04-27T17:23:46","guid":{"rendered":"https:\/\/just-link.net\/?p=619"},"modified":"2026-04-27T12:58:07","modified_gmt":"2026-04-27T18:58:07","slug":"seleccion-talento-ejecutivo-claves-latam","status":"publish","type":"post","link":"https:\/\/just-link.net\/en\/seleccion-talento-ejecutivo-claves-latam\/","title":{"rendered":"El reto de elegir l\u00edderes: claves para la selecci\u00f3n de talento ejecutivo en LATAM"},"content":{"rendered":"<div data-elementor-type=\"wp-post\" data-elementor-id=\"619\" class=\"elementor elementor-619\" data-elementor-post-type=\"post\">\n\t\t\t\t<div class=\"elementor-element elementor-element-501d59fa e-flex e-con-boxed e-con e-parent\" data-id=\"501d59fa\" data-element_type=\"container\" data-e-type=\"container\" data-settings=\"{&quot;background_background&quot;:&quot;classic&quot;}\">\n\t\t\t\t\t<div class=\"e-con-inner\">\n\t\t<div class=\"elementor-element elementor-element-5b9586e9 e-con-full e-flex elementor-invisible e-con e-child\" data-id=\"5b9586e9\" data-element_type=\"container\" data-e-type=\"container\" data-settings=\"{&quot;animation&quot;:&quot;fadeInLeft&quot;}\">\n\t\t\t\t<div class=\"elementor-element elementor-element-19f27b09 elementor-widget elementor-widget-heading\" data-id=\"19f27b09\" data-element_type=\"widget\" data-e-type=\"widget\" data-widget_type=\"heading.default\">\n\t\t\t\t\t<h3 class=\"elementor-heading-title elementor-size-default\">El reto de elegir l\u00edderes: claves para la selecci\u00f3n de <span style=\"font-family: 'Pacifico';font-weight: 400;color:#E48232\"> talento ejecutivo<\/span> en LATAM<\/h3>\t\t\t\t<\/div>\n\t\t\t\t<\/div>\n\t\t<div class=\"elementor-element elementor-element-6459eabe e-con-full e-flex e-con e-child\" data-id=\"6459eabe\" data-element_type=\"container\" data-e-type=\"container\" data-settings=\"{&quot;background_background&quot;:&quot;classic&quot;}\">\n\t\t\t\t<\/div>\n\t\t\t\t\t<\/div>\n\t\t\t\t<\/div>\n\t\t<div class=\"elementor-element elementor-element-10c7ee4e e-flex e-con-boxed e-con e-parent\" data-id=\"10c7ee4e\" data-element_type=\"container\" data-e-type=\"container\">\n\t\t\t\t\t<div class=\"e-con-inner\">\n\t\t<div class=\"elementor-element elementor-element-237b75ec e-con-full e-flex e-con e-child\" data-id=\"237b75ec\" data-element_type=\"container\" data-e-type=\"container\">\n\t\t\t\t<div class=\"elementor-element elementor-element-703b32a1 elementor-invisible elementor-widget elementor-widget-heading\" data-id=\"703b32a1\" data-element_type=\"widget\" data-e-type=\"widget\" data-settings=\"{&quot;_animation&quot;:&quot;fadeInUp&quot;}\" data-widget_type=\"heading.default\">\n\t\t\t\t\t<h2 class=\"elementor-heading-title elementor-size-default\">El impacto estrat\u00e9gico de la alta direcci\u00f3n en su organizaci\u00f3n<\/h2>\t\t\t\t<\/div>\n\t\t\t\t<div class=\"elementor-element elementor-element-276e493e elementor-invisible elementor-widget elementor-widget-text-editor\" data-id=\"276e493e\" data-element_type=\"widget\" data-e-type=\"widget\" data-settings=\"{&quot;_animation&quot;:&quot;fadeInUp&quot;}\" data-widget_type=\"text-editor.default\">\n\t\t\t\t\t\t\t\t\t<p><span style=\"font-weight: 400;\">La selecci\u00f3n de talento ejecutivo es una de las decisiones m\u00e1s relevantes que una empresa puede tomar. Los l\u00edderes de alta direcci\u00f3n no solo ejecutan estrategias: influyen en la cultura, marcan el ritmo de operaci\u00f3n y afectan de forma directa la capacidad de la organizaci\u00f3n para sostener resultados. Por eso, una decisi\u00f3n equivocada en este nivel no suele ser \u00fanicamente un costo; puede convertirse en un riesgo estrat\u00e9gico con efectos prolongados en el desempe\u00f1o, el clima y la continuidad del negocio.<br \/><\/span><\/p><p><span style=\"font-weight: 400;\">En el contexto de LATAM, este tipo de procesos requiere especial cuidado. La regi\u00f3n re\u00fane una diversidad amplia de culturas organizacionales y estilos de liderazgo, marcos regulatorios que var\u00edan por pa\u00eds y estructuras empresariales distintas (desde compa\u00f1\u00edas familiares en transici\u00f3n, hasta corporativos y operaciones multinacionales). En ese escenario, la selecci\u00f3n ejecutiva demanda claridad, consistencia y una metodolog\u00eda que reduzca riesgos desde el inicio.<\/span><\/p>\t\t\t\t\t\t\t\t<\/div>\n\t\t\t\t<div class=\"elementor-element elementor-element-ddbfd4a elementor-invisible elementor-widget elementor-widget-heading\" data-id=\"ddbfd4a\" data-element_type=\"widget\" data-e-type=\"widget\" data-settings=\"{&quot;_animation&quot;:&quot;fadeInUp&quot;}\" data-widget_type=\"heading.default\">\n\t\t\t\t\t<h2 class=\"elementor-heading-title elementor-size-default\">Metodolog\u00eda para la selecci\u00f3n de talento ejecutivo<\/h2>\t\t\t\t<\/div>\n\t\t\t\t<div class=\"elementor-element elementor-element-6b461ee2 elementor-invisible elementor-widget elementor-widget-text-editor\" data-id=\"6b461ee2\" data-element_type=\"widget\" data-e-type=\"widget\" data-settings=\"{&quot;_animation&quot;:&quot;fadeInUp&quot;}\" data-widget_type=\"text-editor.default\">\n\t\t\t\t\t\t\t\t\t<p><span style=\"font-weight: 400;\">Para este nivel, la selecci\u00f3n ejecutiva requiere un proceso m\u00e1s estructurado que una entrevista convencional. Debe abordarse desde una perspectiva integral, considerando el perfil t\u00e9cnico y la trayectoria, pero tambi\u00e9n criterios objetivos, metodolog\u00edas probadas y filtros que aumenten la probabilidad de \u00e9xito.<\/span><\/p>\t\t\t\t\t\t\t\t<\/div>\n\t\t\t\t<\/div>\n\t\t\t\t\t<\/div>\n\t\t\t\t<\/div>\n\t\t<div class=\"elementor-element elementor-element-ff5e3fc e-flex e-con-boxed elementor-invisible e-con e-parent\" data-id=\"ff5e3fc\" data-element_type=\"container\" data-e-type=\"container\" data-settings=\"{&quot;animation&quot;:&quot;fadeInUp&quot;}\">\n\t\t\t\t\t<div class=\"e-con-inner\">\n\t\t\t\t<div class=\"elementor-element elementor-element-13071190 elementor-widget elementor-widget-image\" data-id=\"13071190\" data-element_type=\"widget\" data-e-type=\"widget\" data-widget_type=\"image.default\">\n\t\t\t\t\t\t\t\t\t\t\t\t\t\t\t<img fetchpriority=\"high\" decoding=\"async\" width=\"1500\" height=\"1000\" src=\"https:\/\/just-link.net\/wp-content\/uploads\/2026\/04\/talento-ejecutivo.jpg\" class=\"attachment-full size-full wp-image-629\" alt=\"\" srcset=\"https:\/\/just-link.net\/wp-content\/uploads\/2026\/04\/talento-ejecutivo.jpg 1500w, https:\/\/just-link.net\/wp-content\/uploads\/2026\/04\/talento-ejecutivo-300x200.jpg 300w, https:\/\/just-link.net\/wp-content\/uploads\/2026\/04\/talento-ejecutivo-1024x683.jpg 1024w, https:\/\/just-link.net\/wp-content\/uploads\/2026\/04\/talento-ejecutivo-768x512.jpg 768w\" sizes=\"(max-width: 1500px) 100vw, 1500px\" \/>\t\t\t\t\t\t\t\t\t\t\t\t\t\t\t<\/div>\n\t\t\t\t\t<\/div>\n\t\t\t\t<\/div>\n\t\t<div class=\"elementor-element elementor-element-879e1fe e-flex e-con-boxed e-con e-parent\" data-id=\"879e1fe\" data-element_type=\"container\" data-e-type=\"container\">\n\t\t\t\t\t<div class=\"e-con-inner\">\n\t\t<div class=\"elementor-element elementor-element-2b543450 e-con-full e-flex e-con e-child\" data-id=\"2b543450\" data-element_type=\"container\" data-e-type=\"container\">\n\t\t\t\t<div class=\"elementor-element elementor-element-7c38a88f elementor-invisible elementor-widget elementor-widget-text-editor\" data-id=\"7c38a88f\" data-element_type=\"widget\" data-e-type=\"widget\" data-settings=\"{&quot;_animation&quot;:&quot;fadeInUp&quot;}\" data-widget_type=\"text-editor.default\">\n\t\t\t\t\t\t\t\t\t<p><span style=\"font-weight: 400;\">En la pr\u00e1ctica, esto implica contar con un perfil y descriptor del puesto bien aterrizados, una propuesta de compensaci\u00f3n y valor claramente definida, y un proceso de evaluaci\u00f3n que combine entrevistas estructuradas, validaci\u00f3n de referencias y herramientas de evaluaci\u00f3n <\/span>que aporten informaci\u00f3n \u00fatil para tomar una decisi\u00f3n mejor informada<span style=\"font-weight: 400;\">. Adem\u00e1s, en posiciones ejecutivas suele ser clave incorporar un componente de <\/span>caza de talento<span style=\"font-weight: 400;\">, dado que muchos perfiles s\u00f3lidos no est\u00e1n en b\u00fasqueda activa de empleo, pero s\u00ed consideran un cambio cuando existe una oportunidad relevante, con un reto atractivo y condiciones claras.<br \/><br \/><\/span><span style=\"font-weight: 400;\">A continuaci\u00f3n, tres pilares que sostienen un proceso de selecci\u00f3n ejecutiva exitoso:<\/span><\/p>\t\t\t\t\t\t\t\t<\/div>\n\t\t\t\t<div class=\"elementor-element elementor-element-60fce442 elementor-invisible elementor-widget elementor-widget-heading\" data-id=\"60fce442\" data-element_type=\"widget\" data-e-type=\"widget\" data-settings=\"{&quot;_animation&quot;:&quot;fadeInUp&quot;}\" data-widget_type=\"heading.default\">\n\t\t\t\t\t<h2 class=\"elementor-heading-title elementor-size-default\">1. Gesti\u00f3n confidencial del proceso y acceso al talento calificado\n\n<\/h2>\t\t\t\t<\/div>\n\t\t\t\t<div class=\"elementor-element elementor-element-634d1ebe elementor-invisible elementor-widget elementor-widget-text-editor\" data-id=\"634d1ebe\" data-element_type=\"widget\" data-e-type=\"widget\" data-settings=\"{&quot;_animation&quot;:&quot;fadeInUp&quot;}\" data-widget_type=\"text-editor.default\">\n\t\t\t\t\t\t\t\t\t<p><span style=\"font-weight: 400;\">En posiciones ejecutivas, el reto no es solo evaluar candidatos: es <\/span>llegar<span style=\"font-weight: 400;\"> a los perfiles correctos con discreci\u00f3n. Por eso, un proceso efectivo requiere identificar empresas comparables, mapear perfiles que ya est\u00e1n generando resultados y realizar acercamientos cuidadosos, protegiendo tanto a la organizaci\u00f3n como al candidato. En LATAM, esto cobra especial relevancia porque el acceso al talento calificado depende, en gran medida, de alcance de mercado, reputaci\u00f3n y redes profesionales confiables. Por ello, la confidencialidad no es un \u201cdetalle\u201d: es parte del m\u00e9todo para ampliar el universo de candidatos viables y acercarse a quienes realmente podr\u00edan elevar el nivel del rol.<\/span><\/p>\t\t\t\t\t\t\t\t<\/div>\n\t\t\t\t<div class=\"elementor-element elementor-element-240db1aa elementor-invisible elementor-widget elementor-widget-heading\" data-id=\"240db1aa\" data-element_type=\"widget\" data-e-type=\"widget\" data-settings=\"{&quot;_animation&quot;:&quot;fadeInUp&quot;}\" data-widget_type=\"heading.default\">\n\t\t\t\t\t<h2 class=\"elementor-heading-title elementor-size-default\">2. Evaluaci\u00f3n integral del liderazgo<\/h2>\t\t\t\t<\/div>\n\t\t\t\t<div class=\"elementor-element elementor-element-549e559f elementor-invisible elementor-widget elementor-widget-text-editor\" data-id=\"549e559f\" data-element_type=\"widget\" data-e-type=\"widget\" data-settings=\"{&quot;_animation&quot;:&quot;fadeInUp&quot;}\" data-widget_type=\"text-editor.default\">\n\t\t\t\t\t\t\t\t\t<p><span style=\"font-weight: 400;\">La trayectoria es importante, pero no es suficiente. En alta direcci\u00f3n, lo cr\u00edtico es evaluar capacidad real de ejecuci\u00f3n en el contexto del negocio: toma de decisiones, manejo de presi\u00f3n, influencia, criterio, resiliencia, comunicaci\u00f3n y capacidad de construir equipos. Por eso, la evaluaci\u00f3n debe ser integral y comparativa, combinando entrevistas por competencias, revisi\u00f3n de logros con evidencia, ejercicios situacionales o casos cuando sea pertinente, referencias profundas y herramientas psicom\u00e9tricas o assessments <\/span>que aporten informaci\u00f3n \u00fatil para tomar una decisi\u00f3n mejor informada<span style=\"font-weight: 400;\">.<\/span><\/p><p><span style=\"font-weight: 400;\">La clave es no depender de un \u00fanico filtro, sino construir un conjunto coherente de evidencias que permita tomar una decisi\u00f3n mejor informada y seleccionar al candidato con mayor potencial de encaje y desempe\u00f1o sostenible en el rol.<\/span><\/p>\t\t\t\t\t\t\t\t<\/div>\n\t\t\t\t<div class=\"elementor-element elementor-element-5f75579a elementor-invisible elementor-widget elementor-widget-heading\" data-id=\"5f75579a\" data-element_type=\"widget\" data-e-type=\"widget\" data-settings=\"{&quot;_animation&quot;:&quot;fadeInUp&quot;}\" data-widget_type=\"heading.default\">\n\t\t\t\t\t<h2 class=\"elementor-heading-title elementor-size-default\">3. Encaje estrat\u00e9gico y cultura<\/h2>\t\t\t\t<\/div>\n\t\t\t\t<div class=\"elementor-element elementor-element-ba353da elementor-invisible elementor-widget elementor-widget-text-editor\" data-id=\"ba353da\" data-element_type=\"widget\" data-e-type=\"widget\" data-settings=\"{&quot;_animation&quot;:&quot;fadeInUp&quot;}\" data-widget_type=\"text-editor.default\">\n\t\t\t\t\t\t\t\t\t<p><span style=\"font-weight: 400;\">En alta direcci\u00f3n, el encaje no se limita a \u201cllevarse bien\u201d con el equipo. Se trata de evaluar si el candidato puede integrarse a la forma real de operar de la organizaci\u00f3n y si su estilo de liderazgo es compatible con la estrategia <\/span>y con la manera en que se toman decisiones y se lidera dentro de la empresa<span style=\"font-weight: 400;\">, adem\u00e1s de la cultura de ejecuci\u00f3n. Para hacerlo bien, conviene revisar, de forma expl\u00edcita, elementos como: velocidad de decisi\u00f3n, tolerancia al riesgo, manejo del error, disciplina de ejecuci\u00f3n, estilo de comunicaci\u00f3n, y relaci\u00f3n esperada con el Consejo Directivo y con el equipo gerencial.<\/span><\/p>\t\t\t\t\t\t\t\t<\/div>\n\t\t\t\t<div class=\"elementor-element elementor-element-67e5529c elementor-invisible elementor-widget elementor-widget-text-editor\" data-id=\"67e5529c\" data-element_type=\"widget\" data-e-type=\"widget\" data-settings=\"{&quot;_animation&quot;:&quot;fadeInUp&quot;}\" data-widget_type=\"text-editor.default\">\n\t\t\t\t\t\t\t\t\t<p><span style=\"font-weight: 400;\">Este encaje se valida mejor cuando se triangula informaci\u00f3n: entrevistas estructuradas, referencias enfocadas (no solo \u201crecomendaciones\u201d), y escenarios o casos que muestren c\u00f3mo el candidato decide y lidera en situaciones reales. Un buen encaje estrat\u00e9gico y cultural reduce desgaste, acelera integraci\u00f3n y aumenta la probabilidad de resultados sostenibles.<\/span><\/p>\t\t\t\t\t\t\t\t<\/div>\n\t\t\t\t<div class=\"elementor-element elementor-element-bf4806e elementor-invisible elementor-widget elementor-widget-text-editor\" data-id=\"bf4806e\" data-element_type=\"widget\" data-e-type=\"widget\" data-settings=\"{&quot;_animation&quot;:&quot;fadeInUp&quot;}\" data-widget_type=\"text-editor.default\">\n\t\t\t\t\t\t\t\t\t<p><span style=\"font-weight: 400;\">En Justlink gestionamos selecci\u00f3n ejecutiva con un enfoque riguroso y confidencial, cuidando tanto el alcance del mercado como la calidad de la evaluaci\u00f3n. Ayudamos a las organizaciones a tomar decisiones m\u00e1s seguras en alta direcci\u00f3n, integrando metodolog\u00eda, criterios comparables y validaciones profundas para contratar l\u00edderes con capacidad real de ejecuci\u00f3n y encaje estrat\u00e9gico y cultural.<\/span><\/p>\t\t\t\t\t\t\t\t<\/div>\n\t\t\t\t<\/div>\n\t\t\t\t\t<\/div>\n\t\t\t\t<\/div>\n\t\t<div class=\"elementor-element elementor-element-7e447ed e-flex e-con-boxed e-con e-parent\" data-id=\"7e447ed\" data-element_type=\"container\" data-e-type=\"container\">\n\t\t\t\t\t<div class=\"e-con-inner\">\n\t\t\t\t<div class=\"elementor-element elementor-element-2e652f68 elementor-invisible elementor-widget elementor-widget-heading\" data-id=\"2e652f68\" data-element_type=\"widget\" data-e-type=\"widget\" data-settings=\"{&quot;_animation&quot;:&quot;fadeInRight&quot;}\" data-widget_type=\"heading.default\">\n\t\t\t\t\t<h3 class=\"elementor-heading-title elementor-size-default\">\u00bfEs estrat\u00e9gica su selecci\u00f3n de  <span style=\"font-family: 'Pacifico';font-weight: 400\">talento ejecutivo? <\/span><\/h3>\t\t\t\t<\/div>\n\t\t\t\t<div class=\"elementor-element elementor-element-31a7fc09 elementor-mobile-align-center elementor-align-center elementor-widget elementor-widget-button\" data-id=\"31a7fc09\" data-element_type=\"widget\" data-e-type=\"widget\" data-widget_type=\"button.default\">\n\t\t\t\t\t\t\t\t\t\t<a class=\"elementor-button elementor-button-link elementor-size-sm elementor-animation-grow\" href=\"https:\/\/just-link.net\/en\/#contacto\">\n\t\t\t\t\t\t<span class=\"elementor-button-content-wrapper\">\n\t\t\t\t\t\t\t\t\t<span class=\"elementor-button-text\">Iniciar b\u00fasqueda ejecutiva<\/span>\n\t\t\t\t\t<\/span>\n\t\t\t\t\t<\/a>\n\t\t\t\t\t\t\t\t<\/div>\n\t\t\t\t\t<\/div>\n\t\t\t\t<\/div>\n\t\t<div class=\"elementor-element elementor-element-5036a14a e-flex e-con-boxed e-con e-parent\" data-id=\"5036a14a\" data-element_type=\"container\" data-e-type=\"container\" data-settings=\"{&quot;background_background&quot;:&quot;classic&quot;,&quot;shape_divider_top&quot;:&quot;waves&quot;,&quot;shape_divider_top_negative&quot;:&quot;yes&quot;}\">\n\t\t\t\t\t<div class=\"e-con-inner\">\n\t\t\t\t<div class=\"elementor-shape elementor-shape-top\" aria-hidden=\"true\" data-negative=\"true\">\n\t\t\t<svg xmlns=\"http:\/\/www.w3.org\/2000\/svg\" viewbox=\"0 0 1000 100\" preserveaspectratio=\"none\">\n\t<path class=\"elementor-shape-fill\" d=\"M790.5,93.1c-59.3-5.3-116.8-18-192.6-50c-29.6-12.7-76.9-31-100.5-35.9c-23.6-4.9-52.6-7.8-75.5-5.3\tc-10.2,1.1-22.6,1.4-50.1,7.4c-27.2,6.3-58.2,16.6-79.4,24.7c-41.3,15.9-94.9,21.9-134,22.6C72,58.2,0,25.8,0,25.8V100h1000V65.3\tc0,0-51.5,19.4-106.2,25.7C839.5,97,814.1,95.2,790.5,93.1z\"\/>\n<\/svg>\t\t<\/div>\n\t\t<div class=\"elementor-element elementor-element-6beb5a69 e-con-full e-flex e-con e-child\" data-id=\"6beb5a69\" data-element_type=\"container\" data-e-type=\"container\">\n\t\t\t\t<div class=\"elementor-element elementor-element-404818ad elementor-invisible elementor-widget elementor-widget-text-editor\" data-id=\"404818ad\" data-element_type=\"widget\" data-e-type=\"widget\" data-settings=\"{&quot;_animation&quot;:&quot;fadeInUp&quot;}\" data-widget_type=\"text-editor.default\">\n\t\t\t\t\t\t\t\t\t<p>Si este contenido te fue \u00fatil, comp\u00e1rtelo con otros l\u00edderes de RR.HH. para que juntos sigamos profesionalizando el reclutamiento en LATAM. \u00a1Tu recomendaci\u00f3n nos ayuda a crecer!<\/p>\t\t\t\t\t\t\t\t<\/div>\n\t\t\t\t<div class=\"elementor-element elementor-element-7cfe6b43 elementor-share-buttons--view-icon elementor-share-buttons--shape-circle elementor-share-buttons--skin-gradient elementor-grid-0 elementor-share-buttons--color-official elementor-widget elementor-widget-share-buttons\" data-id=\"7cfe6b43\" data-element_type=\"widget\" data-e-type=\"widget\" data-widget_type=\"share-buttons.default\">\n\t\t\t\t\t\t\t<div class=\"elementor-grid\" role=\"list\">\n\t\t\t\t\t\t\t\t<div class=\"elementor-grid-item\" role=\"listitem\">\n\t\t\t\t\t\t<div class=\"elementor-share-btn elementor-share-btn_facebook\" role=\"button\" tabindex=\"0\" aria-label=\"Share on facebook\" data-no-translation-aria-label=\"\">\n\t\t\t\t\t\t\t\t\t\t\t\t\t\t\t<span class=\"elementor-share-btn__icon\">\n\t\t\t\t\t\t\t\t<svg aria-hidden=\"true\" class=\"e-font-icon-svg e-fab-facebook\" viewbox=\"0 0 512 512\" xmlns=\"http:\/\/www.w3.org\/2000\/svg\"><path d=\"M504 256C504 119 393 8 256 8S8 119 8 256c0 123.78 90.69 226.38 209.25 245V327.69h-63V256h63v-54.64c0-62.15 37-96.48 93.67-96.48 27.14 0 55.52 4.84 55.52 4.84v61h-31.28c-30.8 0-40.41 19.12-40.41 38.73V256h68.78l-11 71.69h-57.78V501C413.31 482.38 504 379.78 504 256z\"><\/path><\/svg>\t\t\t\t\t\t\t<\/span>\n\t\t\t\t\t\t\t\t\t\t\t\t\t\t\t\t\t\t\t\t<\/div>\n\t\t\t\t\t<\/div>\n\t\t\t\t\t\t\t\t\t<div class=\"elementor-grid-item\" role=\"listitem\">\n\t\t\t\t\t\t<div class=\"elementor-share-btn elementor-share-btn_whatsapp\" role=\"button\" tabindex=\"0\" aria-label=\"Share on whatsapp\" data-no-translation-aria-label=\"\">\n\t\t\t\t\t\t\t\t\t\t\t\t\t\t\t<span class=\"elementor-share-btn__icon\">\n\t\t\t\t\t\t\t\t<svg aria-hidden=\"true\" class=\"e-font-icon-svg e-fab-whatsapp\" viewbox=\"0 0 448 512\" xmlns=\"http:\/\/www.w3.org\/2000\/svg\"><path d=\"M380.9 97.1C339 55.1 283.2 32 223.9 32c-122.4 0-222 99.6-222 222 0 39.1 10.2 77.3 29.6 111L0 480l117.7-30.9c32.4 17.7 68.9 27 106.1 27h.1c122.3 0 224.1-99.6 224.1-222 0-59.3-25.2-115-67.1-157zm-157 341.6c-33.2 0-65.7-8.9-94-25.7l-6.7-4-69.8 18.3L72 359.2l-4.4-7c-18.5-29.4-28.2-63.3-28.2-98.2 0-101.7 82.8-184.5 184.6-184.5 49.3 0 95.6 19.2 130.4 54.1 34.8 34.9 56.2 81.2 56.1 130.5 0 101.8-84.9 184.6-186.6 184.6zm101.2-138.2c-5.5-2.8-32.8-16.2-37.9-18-5.1-1.9-8.8-2.8-12.5 2.8-3.7 5.6-14.3 18-17.6 21.8-3.2 3.7-6.5 4.2-12 1.4-32.6-16.3-54-29.1-75.5-66-5.7-9.8 5.7-9.1 16.3-30.3 1.8-3.7.9-6.9-.5-9.7-1.4-2.8-12.5-30.1-17.1-41.2-4.5-10.8-9.1-9.3-12.5-9.5-3.2-.2-6.9-.2-10.6-.2-3.7 0-9.7 1.4-14.8 6.9-5.1 5.6-19.4 19-19.4 46.3 0 27.3 19.9 53.7 22.6 57.4 2.8 3.7 39.1 59.7 94.8 83.8 35.2 15.2 49 16.5 66.6 13.9 10.7-1.6 32.8-13.4 37.4-26.4 4.6-13 4.6-24.1 3.2-26.4-1.3-2.5-5-3.9-10.5-6.6z\"><\/path><\/svg>\t\t\t\t\t\t\t<\/span>\n\t\t\t\t\t\t\t\t\t\t\t\t\t\t\t\t\t\t\t\t<\/div>\n\t\t\t\t\t<\/div>\n\t\t\t\t\t\t\t\t\t<div class=\"elementor-grid-item\" role=\"listitem\">\n\t\t\t\t\t\t<div class=\"elementor-share-btn elementor-share-btn_x-twitter\" role=\"button\" tabindex=\"0\" aria-label=\"Share on x-twitter\" data-no-translation-aria-label=\"\">\n\t\t\t\t\t\t\t\t\t\t\t\t\t\t\t<span class=\"elementor-share-btn__icon\">\n\t\t\t\t\t\t\t\t<svg aria-hidden=\"true\" class=\"e-font-icon-svg e-fab-x-twitter\" viewbox=\"0 0 512 512\" xmlns=\"http:\/\/www.w3.org\/2000\/svg\"><path d=\"M389.2 48h70.6L305.6 224.2 487 464H345L233.7 318.6 106.5 464H35.8L200.7 275.5 26.8 48H172.4L272.9 180.9 389.2 48zM364.4 421.8h39.1L151.1 88h-42L364.4 421.8z\"><\/path><\/svg>\t\t\t\t\t\t\t<\/span>\n\t\t\t\t\t\t\t\t\t\t\t\t\t\t\t\t\t\t\t\t<\/div>\n\t\t\t\t\t<\/div>\n\t\t\t\t\t\t\t\t\t<div class=\"elementor-grid-item\" role=\"listitem\">\n\t\t\t\t\t\t<div class=\"elementor-share-btn elementor-share-btn_linkedin\" role=\"button\" tabindex=\"0\" aria-label=\"Share on linkedin\" data-no-translation-aria-label=\"\">\n\t\t\t\t\t\t\t\t\t\t\t\t\t\t\t<span class=\"elementor-share-btn__icon\">\n\t\t\t\t\t\t\t\t<svg aria-hidden=\"true\" class=\"e-font-icon-svg e-fab-linkedin\" viewbox=\"0 0 448 512\" xmlns=\"http:\/\/www.w3.org\/2000\/svg\"><path d=\"M416 32H31.9C14.3 32 0 46.5 0 64.3v383.4C0 465.5 14.3 480 31.9 480H416c17.6 0 32-14.5 32-32.3V64.3c0-17.8-14.4-32.3-32-32.3zM135.4 416H69V202.2h66.5V416zm-33.2-243c-21.3 0-38.5-17.3-38.5-38.5S80.9 96 102.2 96c21.2 0 38.5 17.3 38.5 38.5 0 21.3-17.2 38.5-38.5 38.5zm282.1 243h-66.4V312c0-24.8-.5-56.7-34.5-56.7-34.6 0-39.9 27-39.9 54.9V416h-66.4V202.2h63.7v29.2h.9c8.9-16.8 30.6-34.5 62.9-34.5 67.2 0 79.7 44.3 79.7 101.9V416z\"><\/path><\/svg>\t\t\t\t\t\t\t<\/span>\n\t\t\t\t\t\t\t\t\t\t\t\t\t\t\t\t\t\t\t\t<\/div>\n\t\t\t\t\t<\/div>\n\t\t\t\t\t\t\t\t\t<div class=\"elementor-grid-item\" role=\"listitem\">\n\t\t\t\t\t\t<div class=\"elementor-share-btn elementor-share-btn_email\" role=\"button\" tabindex=\"0\" aria-label=\"Share on email\" data-no-translation-aria-label=\"\">\n\t\t\t\t\t\t\t\t\t\t\t\t\t\t\t<span class=\"elementor-share-btn__icon\">\n\t\t\t\t\t\t\t\t<svg aria-hidden=\"true\" class=\"e-font-icon-svg e-fas-envelope\" viewbox=\"0 0 512 512\" xmlns=\"http:\/\/www.w3.org\/2000\/svg\"><path d=\"M502.3 190.8c3.9-3.1 9.7-.2 9.7 4.7V400c0 26.5-21.5 48-48 48H48c-26.5 0-48-21.5-48-48V195.6c0-5 5.7-7.8 9.7-4.7 22.4 17.4 52.1 39.5 154.1 113.6 21.1 15.4 56.7 47.8 92.2 47.6 35.7.3 72-32.8 92.3-47.6 102-74.1 131.6-96.3 154-113.7zM256 320c23.2.4 56.6-29.2 73.4-41.4 132.7-96.3 142.8-104.7 173.4-128.7 5.8-4.5 9.2-11.5 9.2-18.9v-19c0-26.5-21.5-48-48-48H48C21.5 64 0 85.5 0 112v19c0 7.4 3.4 14.3 9.2 18.9 30.6 23.9 40.7 32.4 173.4 128.7 16.8 12.2 50.2 41.8 73.4 41.4z\"><\/path><\/svg>\t\t\t\t\t\t\t<\/span>\n\t\t\t\t\t\t\t\t\t\t\t\t\t\t\t\t\t\t\t\t<\/div>\n\t\t\t\t\t<\/div>\n\t\t\t\t\t\t<\/div>\n\t\t\t\t\t\t<\/div>\n\t\t\t\t<div class=\"elementor-element elementor-element-40948f24 elementor-widget-mobile__width-initial elementor-widget elementor-widget-post-navigation\" data-id=\"40948f24\" data-element_type=\"widget\" data-e-type=\"widget\" data-widget_type=\"post-navigation.default\">\n\t\t\t\t\t\t\t<div class=\"elementor-post-navigation\" role=\"navigation\" aria-label=\"Post Navigation\">\n\t\t\t<div class=\"elementor-post-navigation__prev elementor-post-navigation__link\">\n\t\t\t\t<a href=\"https:\/\/just-link.net\/en\/senales-para-contratar-consultoria-recursos-humanos\/\" rel=\"prev\"><span class=\"post-navigation__arrow-wrapper post-navigation__arrow-prev\"><svg aria-hidden=\"true\" class=\"e-font-icon-svg e-fas-angle-left\" viewbox=\"0 0 256 512\" xmlns=\"http:\/\/www.w3.org\/2000\/svg\"><path d=\"M31.7 239l136-136c9.4-9.4 24.6-9.4 33.9 0l22.6 22.6c9.4 9.4 9.4 24.6 0 33.9L127.9 256l96.4 96.4c9.4 9.4 9.4 24.6 0 33.9L201.7 409c-9.4 9.4-24.6 9.4-33.9 0l-136-136c-9.5-9.4-9.5-24.6-.1-34z\"><\/path><\/svg><span class=\"elementor-screen-only\">Prev<\/span><\/span><span class=\"elementor-post-navigation__link__prev\"><span class=\"post-navigation__prev--label\">Anterior<\/span><\/span><\/a>\t\t\t<\/div>\n\t\t\t\t\t\t<div class=\"elementor-post-navigation__next elementor-post-navigation__link\">\n\t\t\t\t<a href=\"https:\/\/just-link.net\/en\/seleccion-talento-ejecutivo-mitigacion-riesgos\/\" rel=\"next\"><span class=\"elementor-post-navigation__link__next\"><span class=\"post-navigation__next--label\">Siguiente<\/span><\/span><span class=\"post-navigation__arrow-wrapper post-navigation__arrow-next\"><svg aria-hidden=\"true\" class=\"e-font-icon-svg e-fas-angle-right\" viewbox=\"0 0 256 512\" xmlns=\"http:\/\/www.w3.org\/2000\/svg\"><path d=\"M224.3 273l-136 136c-9.4 9.4-24.6 9.4-33.9 0l-22.6-22.6c-9.4-9.4-9.4-24.6 0-33.9l96.4-96.4-96.4-96.4c-9.4-9.4-9.4-24.6 0-33.9L54.3 103c9.4-9.4 24.6-9.4 33.9 0l136 136c9.5 9.4 9.5 24.6.1 34z\"><\/path><\/svg><span class=\"elementor-screen-only\">Next<\/span><\/span><\/a>\t\t\t<\/div>\n\t\t<\/div>\n\t\t\t\t\t\t<\/div>\n\t\t\t\t<\/div>\n\t\t\t\t\t<\/div>\n\t\t\t\t<\/div>\n\t\t\t\t<\/div>","protected":false},"excerpt":{"rendered":"<p>El reto de elegir l\u00edderes: claves para la selecci\u00f3n de talento ejecutivo en LATAM El impacto estrat\u00e9gico de la alta direcci\u00f3n en su organizaci\u00f3n La selecci\u00f3n de talento ejecutivo es una de las decisiones m\u00e1s relevantes que una empresa puede tomar. Los l\u00edderes de alta direcci\u00f3n no solo ejecutan estrategias: influyen en la cultura, marcan [&hellip;]<\/p>\n","protected":false},"author":9,"featured_media":630,"comment_status":"closed","ping_status":"closed","sticky":false,"template":"elementor_header_footer","format":"standard","meta":{"footnotes":""},"categories":[7],"tags":[],"class_list":["post-619","post","type-post","status-publish","format-standard","has-post-thumbnail","hentry","category-blog"],"yoast_head":"<!-- This site is optimized with the Yoast SEO plugin v27.5 - https:\/\/yoast.com\/product\/yoast-seo-wordpress\/ -->\n<title>Selecci\u00f3n de talento ejecutivo en LATAM: claves para elegir l\u00edderes de alta direcci\u00f3n - JustLink<\/title>\n<meta name=\"description\" content=\"Selecci\u00f3n de talento ejecutivo en LATAM: confidencialidad, evaluaci\u00f3n integral del liderazgo y encaje estrat\u00e9gico y cultural para reducir riesgos en alta direcci\u00f3n.\" \/>\n<meta name=\"robots\" content=\"index, follow, max-snippet:-1, max-image-preview:large, max-video-preview:-1\" \/>\n<link rel=\"canonical\" href=\"https:\/\/just-link.net\/en\/seleccion-talento-ejecutivo-claves-latam\/\" \/>\n<meta property=\"og:locale\" content=\"en_US\" \/>\n<meta property=\"og:type\" content=\"article\" \/>\n<meta property=\"og:title\" content=\"Selecci\u00f3n de talento ejecutivo en LATAM: claves para elegir l\u00edderes de alta direcci\u00f3n - JustLink\" \/>\n<meta property=\"og:description\" content=\"Selecci\u00f3n de talento ejecutivo en LATAM: confidencialidad, evaluaci\u00f3n integral del liderazgo y encaje estrat\u00e9gico y cultural para reducir riesgos en alta direcci\u00f3n.\" \/>\n<meta property=\"og:url\" content=\"https:\/\/just-link.net\/en\/seleccion-talento-ejecutivo-claves-latam\/\" \/>\n<meta property=\"og:site_name\" content=\"JustLink\" \/>\n<meta property=\"article:published_time\" content=\"2026-04-27T17:23:46+00:00\" \/>\n<meta property=\"article:modified_time\" content=\"2026-04-27T18:58:07+00:00\" \/>\n<meta property=\"og:image\" content=\"https:\/\/just-link.net\/wp-content\/uploads\/2026\/04\/talento-ejecutivoBl.jpg\" \/>\n\t<meta property=\"og:image:width\" content=\"1500\" \/>\n\t<meta property=\"og:image:height\" content=\"1000\" \/>\n\t<meta property=\"og:image:type\" content=\"image\/jpeg\" \/>\n<meta name=\"author\" content=\"D\u00e1maris Avila\" \/>\n<meta name=\"twitter:card\" content=\"summary_large_image\" \/>\n<meta name=\"twitter:label1\" content=\"Written by\" \/>\n\t<meta name=\"twitter:data1\" content=\"D\u00e1maris Avila\" \/>\n\t<meta name=\"twitter:label2\" content=\"Est. reading time\" \/>\n\t<meta name=\"twitter:data2\" content=\"5 minutes\" \/>\n<script type=\"application\/ld+json\" class=\"yoast-schema-graph\">{\"@context\":\"https:\\\/\\\/schema.org\",\"@graph\":[{\"@type\":\"Article\",\"@id\":\"https:\\\/\\\/just-link.net\\\/seleccion-talento-ejecutivo-claves-latam\\\/#article\",\"isPartOf\":{\"@id\":\"https:\\\/\\\/just-link.net\\\/seleccion-talento-ejecutivo-claves-latam\\\/\"},\"author\":{\"name\":\"D\u00e1maris Avila\",\"@id\":\"https:\\\/\\\/just-link.net\\\/#\\\/schema\\\/person\\\/e78521d0b447f500ded6524026e67d4a\"},\"headline\":\"El reto de elegir l\u00edderes: claves para la selecci\u00f3n de talento ejecutivo en LATAM\",\"datePublished\":\"2026-04-27T17:23:46+00:00\",\"dateModified\":\"2026-04-27T18:58:07+00:00\",\"mainEntityOfPage\":{\"@id\":\"https:\\\/\\\/just-link.net\\\/seleccion-talento-ejecutivo-claves-latam\\\/\"},\"wordCount\":907,\"publisher\":{\"@id\":\"https:\\\/\\\/just-link.net\\\/#organization\"},\"image\":{\"@id\":\"https:\\\/\\\/just-link.net\\\/seleccion-talento-ejecutivo-claves-latam\\\/#primaryimage\"},\"thumbnailUrl\":\"https:\\\/\\\/just-link.net\\\/wp-content\\\/uploads\\\/2026\\\/04\\\/talento-ejecutivoBl.jpg\",\"articleSection\":[\"Blog\"],\"inLanguage\":\"en-US\"},{\"@type\":\"WebPage\",\"@id\":\"https:\\\/\\\/just-link.net\\\/seleccion-talento-ejecutivo-claves-latam\\\/\",\"url\":\"https:\\\/\\\/just-link.net\\\/seleccion-talento-ejecutivo-claves-latam\\\/\",\"name\":\"Selecci\u00f3n de talento ejecutivo en LATAM: claves para elegir l\u00edderes de alta direcci\u00f3n - JustLink\",\"isPartOf\":{\"@id\":\"https:\\\/\\\/just-link.net\\\/#website\"},\"primaryImageOfPage\":{\"@id\":\"https:\\\/\\\/just-link.net\\\/seleccion-talento-ejecutivo-claves-latam\\\/#primaryimage\"},\"image\":{\"@id\":\"https:\\\/\\\/just-link.net\\\/seleccion-talento-ejecutivo-claves-latam\\\/#primaryimage\"},\"thumbnailUrl\":\"https:\\\/\\\/just-link.net\\\/wp-content\\\/uploads\\\/2026\\\/04\\\/talento-ejecutivoBl.jpg\",\"datePublished\":\"2026-04-27T17:23:46+00:00\",\"dateModified\":\"2026-04-27T18:58:07+00:00\",\"description\":\"Selecci\u00f3n de talento ejecutivo en LATAM: confidencialidad, evaluaci\u00f3n integral del liderazgo y encaje estrat\u00e9gico y cultural para reducir riesgos en alta direcci\u00f3n.\",\"breadcrumb\":{\"@id\":\"https:\\\/\\\/just-link.net\\\/seleccion-talento-ejecutivo-claves-latam\\\/#breadcrumb\"},\"inLanguage\":\"en-US\",\"potentialAction\":[{\"@type\":\"ReadAction\",\"target\":[\"https:\\\/\\\/just-link.net\\\/seleccion-talento-ejecutivo-claves-latam\\\/\"]}]},{\"@type\":\"ImageObject\",\"inLanguage\":\"en-US\",\"@id\":\"https:\\\/\\\/just-link.net\\\/seleccion-talento-ejecutivo-claves-latam\\\/#primaryimage\",\"url\":\"https:\\\/\\\/just-link.net\\\/wp-content\\\/uploads\\\/2026\\\/04\\\/talento-ejecutivoBl.jpg\",\"contentUrl\":\"https:\\\/\\\/just-link.net\\\/wp-content\\\/uploads\\\/2026\\\/04\\\/talento-ejecutivoBl.jpg\",\"width\":1500,\"height\":1000},{\"@type\":\"BreadcrumbList\",\"@id\":\"https:\\\/\\\/just-link.net\\\/seleccion-talento-ejecutivo-claves-latam\\\/#breadcrumb\",\"itemListElement\":[{\"@type\":\"ListItem\",\"position\":1,\"name\":\"Home\",\"item\":\"https:\\\/\\\/just-link.net\\\/\"},{\"@type\":\"ListItem\",\"position\":2,\"name\":\"El reto de elegir l\u00edderes: claves para la selecci\u00f3n de talento ejecutivo en LATAM\"}]},{\"@type\":\"WebSite\",\"@id\":\"https:\\\/\\\/just-link.net\\\/#website\",\"url\":\"https:\\\/\\\/just-link.net\\\/\",\"name\":\"JustLink\",\"description\":\"JustLink\",\"publisher\":{\"@id\":\"https:\\\/\\\/just-link.net\\\/#organization\"},\"potentialAction\":[{\"@type\":\"SearchAction\",\"target\":{\"@type\":\"EntryPoint\",\"urlTemplate\":\"https:\\\/\\\/just-link.net\\\/?s={search_term_string}\"},\"query-input\":{\"@type\":\"PropertyValueSpecification\",\"valueRequired\":true,\"valueName\":\"search_term_string\"}}],\"inLanguage\":\"en-US\"},{\"@type\":\"Organization\",\"@id\":\"https:\\\/\\\/just-link.net\\\/#organization\",\"name\":\"JustLink\",\"url\":\"https:\\\/\\\/just-link.net\\\/\",\"logo\":{\"@type\":\"ImageObject\",\"inLanguage\":\"en-US\",\"@id\":\"https:\\\/\\\/just-link.net\\\/#\\\/schema\\\/logo\\\/image\\\/\",\"url\":\"https:\\\/\\\/just-link.net\\\/wp-content\\\/uploads\\\/2025\\\/11\\\/just-link-logo-human-capital.png\",\"contentUrl\":\"https:\\\/\\\/just-link.net\\\/wp-content\\\/uploads\\\/2025\\\/11\\\/just-link-logo-human-capital.png\",\"width\":678,\"height\":253,\"caption\":\"JustLink\"},\"image\":{\"@id\":\"https:\\\/\\\/just-link.net\\\/#\\\/schema\\\/logo\\\/image\\\/\"}},{\"@type\":\"Person\",\"@id\":\"https:\\\/\\\/just-link.net\\\/#\\\/schema\\\/person\\\/e78521d0b447f500ded6524026e67d4a\",\"name\":\"D\u00e1maris Avila\",\"image\":{\"@type\":\"ImageObject\",\"inLanguage\":\"en-US\",\"@id\":\"https:\\\/\\\/secure.gravatar.com\\\/avatar\\\/70e2a3b7db3bdab84f189f6d625673d657f0ec09768e12eab5db4dc2e93ec93c?s=96&d=mm&r=g\",\"url\":\"https:\\\/\\\/secure.gravatar.com\\\/avatar\\\/70e2a3b7db3bdab84f189f6d625673d657f0ec09768e12eab5db4dc2e93ec93c?s=96&d=mm&r=g\",\"contentUrl\":\"https:\\\/\\\/secure.gravatar.com\\\/avatar\\\/70e2a3b7db3bdab84f189f6d625673d657f0ec09768e12eab5db4dc2e93ec93c?s=96&d=mm&r=g\",\"caption\":\"D\u00e1maris Avila\"},\"url\":\"https:\\\/\\\/just-link.net\\\/en\\\/author\\\/davila\\\/\"}]}<\/script>\n<!-- \/ Yoast SEO plugin. -->","yoast_head_json":{"title":"Selecci\u00f3n de talento ejecutivo en LATAM: claves para elegir l\u00edderes de alta direcci\u00f3n - JustLink","description":"Selecci\u00f3n de talento ejecutivo en LATAM: confidencialidad, evaluaci\u00f3n integral del liderazgo y encaje estrat\u00e9gico y cultural para reducir riesgos en alta direcci\u00f3n.","robots":{"index":"index","follow":"follow","max-snippet":"max-snippet:-1","max-image-preview":"max-image-preview:large","max-video-preview":"max-video-preview:-1"},"canonical":"https:\/\/just-link.net\/en\/seleccion-talento-ejecutivo-claves-latam\/","og_locale":"en_US","og_type":"article","og_title":"Selecci\u00f3n de talento ejecutivo en LATAM: claves para elegir l\u00edderes de alta direcci\u00f3n - JustLink","og_description":"Selecci\u00f3n de talento ejecutivo en LATAM: confidencialidad, evaluaci\u00f3n integral del liderazgo y encaje estrat\u00e9gico y cultural para reducir riesgos en alta direcci\u00f3n.","og_url":"https:\/\/just-link.net\/en\/seleccion-talento-ejecutivo-claves-latam\/","og_site_name":"JustLink","article_published_time":"2026-04-27T17:23:46+00:00","article_modified_time":"2026-04-27T18:58:07+00:00","og_image":[{"width":1500,"height":1000,"url":"https:\/\/just-link.net\/wp-content\/uploads\/2026\/04\/talento-ejecutivoBl.jpg","type":"image\/jpeg"}],"author":"D\u00e1maris Avila","twitter_card":"summary_large_image","twitter_misc":{"Written by":"D\u00e1maris Avila","Est. reading time":"5 minutes"},"schema":{"@context":"https:\/\/schema.org","@graph":[{"@type":"Article","@id":"https:\/\/just-link.net\/seleccion-talento-ejecutivo-claves-latam\/#article","isPartOf":{"@id":"https:\/\/just-link.net\/seleccion-talento-ejecutivo-claves-latam\/"},"author":{"name":"D\u00e1maris Avila","@id":"https:\/\/just-link.net\/#\/schema\/person\/e78521d0b447f500ded6524026e67d4a"},"headline":"El reto de elegir l\u00edderes: claves para la selecci\u00f3n de talento ejecutivo en LATAM","datePublished":"2026-04-27T17:23:46+00:00","dateModified":"2026-04-27T18:58:07+00:00","mainEntityOfPage":{"@id":"https:\/\/just-link.net\/seleccion-talento-ejecutivo-claves-latam\/"},"wordCount":907,"publisher":{"@id":"https:\/\/just-link.net\/#organization"},"image":{"@id":"https:\/\/just-link.net\/seleccion-talento-ejecutivo-claves-latam\/#primaryimage"},"thumbnailUrl":"https:\/\/just-link.net\/wp-content\/uploads\/2026\/04\/talento-ejecutivoBl.jpg","articleSection":["Blog"],"inLanguage":"en-US"},{"@type":"WebPage","@id":"https:\/\/just-link.net\/seleccion-talento-ejecutivo-claves-latam\/","url":"https:\/\/just-link.net\/seleccion-talento-ejecutivo-claves-latam\/","name":"Selecci\u00f3n de talento ejecutivo en LATAM: claves para elegir l\u00edderes de alta direcci\u00f3n - JustLink","isPartOf":{"@id":"https:\/\/just-link.net\/#website"},"primaryImageOfPage":{"@id":"https:\/\/just-link.net\/seleccion-talento-ejecutivo-claves-latam\/#primaryimage"},"image":{"@id":"https:\/\/just-link.net\/seleccion-talento-ejecutivo-claves-latam\/#primaryimage"},"thumbnailUrl":"https:\/\/just-link.net\/wp-content\/uploads\/2026\/04\/talento-ejecutivoBl.jpg","datePublished":"2026-04-27T17:23:46+00:00","dateModified":"2026-04-27T18:58:07+00:00","description":"Selecci\u00f3n de talento ejecutivo en LATAM: confidencialidad, evaluaci\u00f3n integral del liderazgo y encaje estrat\u00e9gico y cultural para reducir riesgos en alta direcci\u00f3n.","breadcrumb":{"@id":"https:\/\/just-link.net\/seleccion-talento-ejecutivo-claves-latam\/#breadcrumb"},"inLanguage":"en-US","potentialAction":[{"@type":"ReadAction","target":["https:\/\/just-link.net\/seleccion-talento-ejecutivo-claves-latam\/"]}]},{"@type":"ImageObject","inLanguage":"en-US","@id":"https:\/\/just-link.net\/seleccion-talento-ejecutivo-claves-latam\/#primaryimage","url":"https:\/\/just-link.net\/wp-content\/uploads\/2026\/04\/talento-ejecutivoBl.jpg","contentUrl":"https:\/\/just-link.net\/wp-content\/uploads\/2026\/04\/talento-ejecutivoBl.jpg","width":1500,"height":1000},{"@type":"BreadcrumbList","@id":"https:\/\/just-link.net\/seleccion-talento-ejecutivo-claves-latam\/#breadcrumb","itemListElement":[{"@type":"ListItem","position":1,"name":"Home","item":"https:\/\/just-link.net\/"},{"@type":"ListItem","position":2,"name":"El reto de elegir l\u00edderes: claves para la selecci\u00f3n de talento ejecutivo en LATAM"}]},{"@type":"WebSite","@id":"https:\/\/just-link.net\/#website","url":"https:\/\/just-link.net\/","name":"JustLink","description":"JustLink","publisher":{"@id":"https:\/\/just-link.net\/#organization"},"potentialAction":[{"@type":"SearchAction","target":{"@type":"EntryPoint","urlTemplate":"https:\/\/just-link.net\/?s={search_term_string}"},"query-input":{"@type":"PropertyValueSpecification","valueRequired":true,"valueName":"search_term_string"}}],"inLanguage":"en-US"},{"@type":"Organization","@id":"https:\/\/just-link.net\/#organization","name":"JustLink","url":"https:\/\/just-link.net\/","logo":{"@type":"ImageObject","inLanguage":"en-US","@id":"https:\/\/just-link.net\/#\/schema\/logo\/image\/","url":"https:\/\/just-link.net\/wp-content\/uploads\/2025\/11\/just-link-logo-human-capital.png","contentUrl":"https:\/\/just-link.net\/wp-content\/uploads\/2025\/11\/just-link-logo-human-capital.png","width":678,"height":253,"caption":"JustLink"},"image":{"@id":"https:\/\/just-link.net\/#\/schema\/logo\/image\/"}},{"@type":"Person","@id":"https:\/\/just-link.net\/#\/schema\/person\/e78521d0b447f500ded6524026e67d4a","name":"D\u00e1maris Avila","image":{"@type":"ImageObject","inLanguage":"en-US","@id":"https:\/\/secure.gravatar.com\/avatar\/70e2a3b7db3bdab84f189f6d625673d657f0ec09768e12eab5db4dc2e93ec93c?s=96&d=mm&r=g","url":"https:\/\/secure.gravatar.com\/avatar\/70e2a3b7db3bdab84f189f6d625673d657f0ec09768e12eab5db4dc2e93ec93c?s=96&d=mm&r=g","contentUrl":"https:\/\/secure.gravatar.com\/avatar\/70e2a3b7db3bdab84f189f6d625673d657f0ec09768e12eab5db4dc2e93ec93c?s=96&d=mm&r=g","caption":"D\u00e1maris Avila"},"url":"https:\/\/just-link.net\/en\/author\/davila\/"}]}},"_links":{"self":[{"href":"https:\/\/just-link.net\/en\/wp-json\/wp\/v2\/posts\/619","targetHints":{"allow":["GET"]}}],"collection":[{"href":"https:\/\/just-link.net\/en\/wp-json\/wp\/v2\/posts"}],"about":[{"href":"https:\/\/just-link.net\/en\/wp-json\/wp\/v2\/types\/post"}],"author":[{"embeddable":true,"href":"https:\/\/just-link.net\/en\/wp-json\/wp\/v2\/users\/9"}],"replies":[{"embeddable":true,"href":"https:\/\/just-link.net\/en\/wp-json\/wp\/v2\/comments?post=619"}],"version-history":[{"count":10,"href":"https:\/\/just-link.net\/en\/wp-json\/wp\/v2\/posts\/619\/revisions"}],"predecessor-version":[{"id":704,"href":"https:\/\/just-link.net\/en\/wp-json\/wp\/v2\/posts\/619\/revisions\/704"}],"wp:featuredmedia":[{"embeddable":true,"href":"https:\/\/just-link.net\/en\/wp-json\/wp\/v2\/media\/630"}],"wp:attachment":[{"href":"https:\/\/just-link.net\/en\/wp-json\/wp\/v2\/media?parent=619"}],"wp:term":[{"taxonomy":"category","embeddable":true,"href":"https:\/\/just-link.net\/en\/wp-json\/wp\/v2\/categories?post=619"},{"taxonomy":"post_tag","embeddable":true,"href":"https:\/\/just-link.net\/en\/wp-json\/wp\/v2\/tags?post=619"}],"curies":[{"name":"wp","href":"https:\/\/api.w.org\/{rel}","templated":true}]}}